{"id":505,"date":"2026-08-31T10:53:18","date_gmt":"2026-08-31T13:53:18","guid":{"rendered":"https:\/\/fecola.coop.br\/site\/?p=505"},"modified":"2026-08-31T11:18:00","modified_gmt":"2026-08-31T14:18:00","slug":"fecola-elege-nova-diretoria","status":"publish","type":"post","link":"https:\/\/fecola.coop.br\/site\/noticia\/fecola-elege-nova-diretoria\/","title":{"rendered":"Fecol\u00e3 elege nova diretoria"},"content":{"rendered":"\t\t<div data-elementor-type=\"wp-post\" data-elementor-id=\"505\" class=\"elementor elementor-505\" data-elementor-post-type=\"post\">\n\t\t\t\t\t\t<section class=\"elementor-section elementor-top-section elementor-element elementor-element-8709c64 elementor-section-boxed elementor-section-height-default elementor-section-height-default\" data-id=\"8709c64\" data-element_type=\"section\" data-e-type=\"section\">\n\t\t\t\t\t\t<div class=\"elementor-container elementor-column-gap-default\">\n\t\t\t\t\t<div class=\"elementor-column elementor-col-100 elementor-top-column elementor-element elementor-element-9d3ebaf\" data-id=\"9d3ebaf\" data-element_type=\"column\" data-e-type=\"column\">\n\t\t\t<div class=\"elementor-widget-wrap elementor-element-populated\">\n\t\t\t\t\t\t<div class=\"elementor-element elementor-element-5f04565 elementor-widget elementor-widget-heading\" data-id=\"5f04565\" data-element_type=\"widget\" data-e-type=\"widget\" data-widget_type=\"heading.default\">\n\t\t\t\t<div class=\"elementor-widget-container\">\n\t\t\t\t\t<h5 class=\"elementor-heading-title elementor-size-default\">Jos\u00e9 Galdino Dias comandar\u00e1 a federa\u00e7\u00e3o at\u00e9 2027<\/h5>\t\t\t\t<\/div>\n\t\t\t\t<\/div>\n\t\t\t\t<div class=\"elementor-element elementor-element-e583a00 elementor-widget elementor-widget-text-editor\" data-id=\"e583a00\" data-element_type=\"widget\" data-e-type=\"widget\" data-widget_type=\"text-editor.default\">\n\t\t\t\t<div class=\"elementor-widget-container\">\n\t\t\t\t\t\t\t\t\t<p class=\"MsoNormal\" style=\"margin: 22.5pt 0cm; line-height: 21pt; background-image: initial; background-position: initial; background-size: initial; background-repeat: initial; background-attachment: initial; background-origin: initial; background-clip: initial;\"><span style=\"font-family: Montserrat; mso-fareast-font-family: 'Times New Roman'; mso-bidi-font-family: Arial; color: #1a1a1a; mso-font-kerning: 0pt; mso-ligatures: none; mso-fareast-language: PT-BR;\">A Federa\u00e7\u00e3o das Cooperativas de L\u00e3 do Brasil<br \/>(Fecol\u00e3) elegeu o presidente que comandar\u00e1 a institui\u00e7\u00e3o de 2024 a 2027. Em<br \/>assembleia geral ordin\u00e1ria realizada nesta ter\u00e7a-feira (26\/3), Jos\u00e9 Galdino<br \/>Dias assumiu o cargo, para o qual contar\u00e1 com os conselheiros Carlos Cleber<br \/>Dias Leal, Leoc\u00e1dio Bardallo Ledesma e Roberto Darcy A. da Silva.<\/span><\/p><p class=\"MsoNormal\" style=\"margin: 22.5pt 0cm; line-height: 21pt; background-image: initial; background-position: initial; background-size: initial; background-repeat: initial; background-attachment: initial; background-origin: initial; background-clip: initial;\"><span style=\"font-family: Montserrat; mso-fareast-font-family: 'Times New Roman'; mso-bidi-font-family: Arial; color: #1a1a1a; mso-font-kerning: 0pt; mso-ligatures: none; mso-fareast-language: PT-BR;\">Um dos compromissos de Galdino ser\u00e1 enfrentar<br \/>uma crise na comercializa\u00e7\u00e3o da l\u00e3 ovina que se estende h\u00e1 mais de tr\u00eas anos.<br \/>Entre as consequ\u00eancias negativas para a ovinocultura ga\u00facha est\u00e3o a diminui\u00e7\u00e3o<br \/>do rebanho e da qualidade da esquila.<\/span><\/p><p>\u00a0<\/p><p class=\"MsoNormal\" style=\"margin: 22.5pt 0cm; line-height: 21pt; background-image: initial; background-position: initial; background-size: initial; background-repeat: initial; background-attachment: initial; background-origin: initial; background-clip: initial;\"><span style=\"font-family: Montserrat; mso-fareast-font-family: 'Times New Roman'; mso-bidi-font-family: Arial; color: #1a1a1a; mso-font-kerning: 0pt; mso-ligatures: none; mso-fareast-language: PT-BR;\">Segundo Galdino, seu desafio ser\u00e1 trabalhar em<br \/>parceria com a cadeia produtiva para elabora\u00e7\u00e3o de programas e projetos, e,<br \/>principalmente, com Governo do Estado atrav\u00e9s da Secretaria da Agricultura, em<br \/>busca de pol\u00edticas p\u00fablicas que tragam desenvolvimento para a ovinocultura<br \/>ga\u00facha.<\/span><\/p><p class=\"MsoNormal\"><a href=\"https:\/\/www.correiodopovo.com.br\/not%C3%ADcias\/rural\/fecol%C3%A3-elege-nova-diretoria-1.1478597\">https:\/\/www.correiodopovo.com.br\/not%C3%ADcias\/rural\/fecol%C3%A3-elege-nova-diretoria-1.1478597<\/a>\u00a0<\/p>\t\t\t\t\t\t\t\t<\/div>\n\t\t\t\t<\/div>\n\t\t\t\t\t<\/div>\n\t\t<\/div>\n\t\t\t\t\t<\/div>\n\t\t<\/section>\n\t\t\t\t<\/div>\n\t\t","protected":false},"excerpt":{"rendered":"<p>Presidente Jos\u00e9 Galdino Dias assumiu o cargo, para o qual contar\u00e1 com os conselheiros Carlos Cleber Dias Leal, Leoc\u00e1dio Bardallo Ledesma e Roberto Darcy A. da Silva.<\/p>\n","protected":false},"author":2,"featured_media":513,"comment_status":"open","ping_status":"open","sticky":false,"template":"","format":"standard","meta":{"footnotes":""},"categories":[16,17,10],"tags":[],"class_list":["post-505","post","type-post","status-publish","format-standard","has-post-thumbnail","hentry","category-correio-do-povo","category-imprensa","category-noticia"],"_links":{"self":[{"href":"https:\/\/fecola.coop.br\/site\/wp-json\/wp\/v2\/posts\/505","targetHints":{"allow":["GET"]}}],"collection":[{"href":"https:\/\/fecola.coop.br\/site\/wp-json\/wp\/v2\/posts"}],"about":[{"href":"https:\/\/fecola.coop.br\/site\/wp-json\/wp\/v2\/types\/post"}],"author":[{"embeddable":true,"href":"https:\/\/fecola.coop.br\/site\/wp-json\/wp\/v2\/users\/2"}],"replies":[{"embeddable":true,"href":"https:\/\/fecola.coop.br\/site\/wp-json\/wp\/v2\/comments?post=505"}],"version-history":[{"count":9,"href":"https:\/\/fecola.coop.br\/site\/wp-json\/wp\/v2\/posts\/505\/revisions"}],"predecessor-version":[{"id":517,"href":"https:\/\/fecola.coop.br\/site\/wp-json\/wp\/v2\/posts\/505\/revisions\/517"}],"wp:featuredmedia":[{"embeddable":true,"href":"https:\/\/fecola.coop.br\/site\/wp-json\/wp\/v2\/media\/513"}],"wp:attachment":[{"href":"https:\/\/fecola.coop.br\/site\/wp-json\/wp\/v2\/media?parent=505"}],"wp:term":[{"taxonomy":"category","embeddable":true,"href":"https:\/\/fecola.coop.br\/site\/wp-json\/wp\/v2\/categories?post=505"},{"taxonomy":"post_tag","embeddable":true,"href":"https:\/\/fecola.coop.br\/site\/wp-json\/wp\/v2\/tags?post=505"}],"curies":[{"name":"wp","href":"https:\/\/api.w.org\/{rel}","templated":true}]}}